{"id":7040,"date":"2021-12-13T10:43:44","date_gmt":"2021-12-13T09:43:44","guid":{"rendered":"https:\/\/www.jamtli.com\/aktuellt\/vinnare-gran-prix-och-basta-monter-2021\/"},"modified":"2022-08-26T01:18:29","modified_gmt":"2022-08-25T23:18:29","slug":"vinnare-gran-prix-och-basta-monter-2021","status":"publish","type":"post","link":"https:\/\/www.jamtli.com\/en\/aktuellt\/vinnare-gran-prix-och-basta-monter-2021\/","title":{"rendered":"Vinnare Gran Prix och b\u00e4sta monter, 2021"},"content":{"rendered":"<p>Under \u00e5rets Julmarknad p\u00e5 Jamtli var det Jengel F\u00f6rlag AB som representerade Gran Prix-granarna som var designade av olika f\u00f6rfattare och fotografer med anknytning till l\u00e4net.<\/p>\n<p>&nbsp;<\/p>\n<p>En annan t\u00e4vling var b\u00e4sta monter. De vinnande bidragen togs fram av en jury fr\u00e5n Hush\u00e5llningss\u00e4llskapet.<\/p>\n<p>&nbsp;<\/p>\n<p><a href=\"https:\/\/www.jamtli.com\/evenemang\/julmarknad\/\">H\u00e4r kan du l\u00e4sa om vem som vann Gran Prix samt vilka pristagarna f\u00f6r b\u00e4sta monter och hedersomn\u00e4mnande blev!<\/a><\/p>\n<p>&nbsp;<\/p>\n<p>&nbsp;<\/p>\n","protected":false},"excerpt":{"rendered":"<p>Under \u00e5rets Julmarknad p\u00e5 Jamtli var det Jengel F\u00f6rlag AB som representerade Gran Prix-granarna som var designade av olika f\u00f6rfattare och fotografer med anknytning till l\u00e4net. &nbsp; En annan t\u00e4vling var b\u00e4sta monter. De vinnande bidragen togs fram av en jury fr\u00e5n Hush\u00e5llningss\u00e4llskapet. &nbsp; H\u00e4r kan du l\u00e4sa om vem som vann Gran Prix samt [&hellip;]<\/p>\n","protected":false},"author":10,"featured_media":6572,"comment_status":"open","ping_status":"open","sticky":false,"template":"","format":"standard","meta":{"_acf_changed":false,"_relevanssi_hide_post":"","_relevanssi_hide_content":"","_relevanssi_pin_for_all":"","_relevanssi_pin_keywords":"","_relevanssi_unpin_keywords":"","_relevanssi_related_keywords":"","_relevanssi_related_include_ids":"","_relevanssi_related_exclude_ids":"","_relevanssi_related_no_append":"","_relevanssi_related_not_related":"","_relevanssi_related_posts":"","_relevanssi_noindex_reason":"","footnotes":""},"categories":[7],"tags":[],"class_list":["post-7040","post","type-post","status-publish","format-standard","has-post-thumbnail","hentry","category-uncategorized"],"acf":[],"yoast_head":"<!-- This site is optimized with the Yoast SEO plugin v27.1.1 - https:\/\/yoast.com\/product\/yoast-seo-wordpress\/ -->\n<title>Vinnare Gran Prix och b\u00e4sta monter, 2021 | Jamtli<\/title>\n<meta name=\"robots\" content=\"index, follow, max-snippet:-1, max-image-preview:large, max-video-preview:-1\" \/>\n<link rel=\"canonical\" href=\"https:\/\/www.jamtli.com\/en\/aktuellt\/vinnare-gran-prix-och-basta-monter-2021\/\" \/>\n<meta property=\"og:locale\" content=\"en_US\" \/>\n<meta property=\"og:type\" content=\"article\" \/>\n<meta property=\"og:title\" content=\"Vinnare Gran Prix och b\u00e4sta monter, 2021 | Jamtli\" \/>\n<meta property=\"og:description\" content=\"Under \u00e5rets Julmarknad p\u00e5 Jamtli var det Jengel F\u00f6rlag AB som representerade Gran Prix-granarna som var designade av olika f\u00f6rfattare och fotografer med anknytning till l\u00e4net. &nbsp; En annan t\u00e4vling var b\u00e4sta monter. De vinnande bidragen togs fram av en jury fr\u00e5n Hush\u00e5llningss\u00e4llskapet. &nbsp; H\u00e4r kan du l\u00e4sa om vem som vann Gran Prix samt [&hellip;]\" \/>\n<meta property=\"og:url\" content=\"https:\/\/www.jamtli.com\/en\/aktuellt\/vinnare-gran-prix-och-basta-monter-2021\/\" \/>\n<meta property=\"og:site_name\" content=\"Jamtli\" \/>\n<meta property=\"article:publisher\" content=\"https:\/\/www.facebook.com\/jamtlimuseum\" \/>\n<meta property=\"article:published_time\" content=\"2021-12-13T09:43:44+00:00\" \/>\n<meta property=\"article:modified_time\" content=\"2022-08-25T23:18:29+00:00\" \/>\n<meta property=\"og:image\" content=\"https:\/\/www.jamtli.com\/wp-content\/uploads\/2021\/12\/Gran-Prix-vinnare-montervinnare-2021_1920x800px.jpg\" \/>\n\t<meta property=\"og:image:width\" content=\"1920\" \/>\n\t<meta property=\"og:image:height\" content=\"800\" \/>\n\t<meta property=\"og:image:type\" content=\"image\/jpeg\" \/>\n<meta name=\"author\" content=\"Jenny Olsson\" \/>\n<meta name=\"twitter:card\" content=\"summary_large_image\" \/>\n<meta name=\"twitter:label1\" content=\"Written by\" \/>\n\t<meta name=\"twitter:data1\" content=\"Jenny Olsson\" \/>\n<script type=\"application\/ld+json\" class=\"yoast-schema-graph\">{\"@context\":\"https:\/\/schema.org\",\"@graph\":[{\"@type\":\"Article\",\"@id\":\"https:\/\/www.jamtli.com\/en\/aktuellt\/vinnare-gran-prix-och-basta-monter-2021\/#article\",\"isPartOf\":{\"@id\":\"https:\/\/www.jamtli.com\/en\/aktuellt\/vinnare-gran-prix-och-basta-monter-2021\/\"},\"author\":{\"name\":\"Jenny Olsson\",\"@id\":\"https:\/\/www.jamtli.com\/en\/#\/schema\/person\/86d39dd5744241ded29b51c29d06df30\"},\"headline\":\"Vinnare Gran Prix och b\u00e4sta monter, 2021\",\"datePublished\":\"2021-12-13T09:43:44+00:00\",\"dateModified\":\"2022-08-25T23:18:29+00:00\",\"mainEntityOfPage\":{\"@id\":\"https:\/\/www.jamtli.com\/en\/aktuellt\/vinnare-gran-prix-och-basta-monter-2021\/\"},\"wordCount\":85,\"commentCount\":2,\"image\":{\"@id\":\"https:\/\/www.jamtli.com\/en\/aktuellt\/vinnare-gran-prix-och-basta-monter-2021\/#primaryimage\"},\"thumbnailUrl\":\"https:\/\/www.jamtli.com\/wp-content\/uploads\/2021\/12\/Gran-Prix-vinnare-montervinnare-2021_1920x800px.jpg\",\"inLanguage\":\"en-US\",\"potentialAction\":[{\"@type\":\"CommentAction\",\"name\":\"Comment\",\"target\":[\"https:\/\/www.jamtli.com\/en\/aktuellt\/vinnare-gran-prix-och-basta-monter-2021\/#respond\"]}]},{\"@type\":\"WebPage\",\"@id\":\"https:\/\/www.jamtli.com\/en\/aktuellt\/vinnare-gran-prix-och-basta-monter-2021\/\",\"url\":\"https:\/\/www.jamtli.com\/en\/aktuellt\/vinnare-gran-prix-och-basta-monter-2021\/\",\"name\":\"Vinnare Gran Prix och b\u00e4sta monter, 2021 | Jamtli\",\"isPartOf\":{\"@id\":\"https:\/\/www.jamtli.com\/en\/#website\"},\"primaryImageOfPage\":{\"@id\":\"https:\/\/www.jamtli.com\/en\/aktuellt\/vinnare-gran-prix-och-basta-monter-2021\/#primaryimage\"},\"image\":{\"@id\":\"https:\/\/www.jamtli.com\/en\/aktuellt\/vinnare-gran-prix-och-basta-monter-2021\/#primaryimage\"},\"thumbnailUrl\":\"https:\/\/www.jamtli.com\/wp-content\/uploads\/2021\/12\/Gran-Prix-vinnare-montervinnare-2021_1920x800px.jpg\",\"datePublished\":\"2021-12-13T09:43:44+00:00\",\"dateModified\":\"2022-08-25T23:18:29+00:00\",\"author\":{\"@id\":\"https:\/\/www.jamtli.com\/en\/#\/schema\/person\/86d39dd5744241ded29b51c29d06df30\"},\"breadcrumb\":{\"@id\":\"https:\/\/www.jamtli.com\/en\/aktuellt\/vinnare-gran-prix-och-basta-monter-2021\/#breadcrumb\"},\"inLanguage\":\"en-US\",\"potentialAction\":[{\"@type\":\"ReadAction\",\"target\":[\"https:\/\/www.jamtli.com\/en\/aktuellt\/vinnare-gran-prix-och-basta-monter-2021\/\"]}]},{\"@type\":\"ImageObject\",\"inLanguage\":\"en-US\",\"@id\":\"https:\/\/www.jamtli.com\/en\/aktuellt\/vinnare-gran-prix-och-basta-monter-2021\/#primaryimage\",\"url\":\"https:\/\/www.jamtli.com\/wp-content\/uploads\/2021\/12\/Gran-Prix-vinnare-montervinnare-2021_1920x800px.jpg\",\"contentUrl\":\"https:\/\/www.jamtli.com\/wp-content\/uploads\/2021\/12\/Gran-Prix-vinnare-montervinnare-2021_1920x800px.jpg\",\"width\":1920,\"height\":800,\"caption\":\"\\\"\\\"\"},{\"@type\":\"BreadcrumbList\",\"@id\":\"https:\/\/www.jamtli.com\/en\/aktuellt\/vinnare-gran-prix-och-basta-monter-2021\/#breadcrumb\",\"itemListElement\":[{\"@type\":\"ListItem\",\"position\":1,\"name\":\"Home\",\"item\":\"https:\/\/www.jamtli.com\/en\/\"},{\"@type\":\"ListItem\",\"position\":2,\"name\":\"Vinnare Gran Prix och b\u00e4sta monter, 2021\"}]},{\"@type\":\"WebSite\",\"@id\":\"https:\/\/www.jamtli.com\/en\/#website\",\"url\":\"https:\/\/www.jamtli.com\/en\/\",\"name\":\"Jamtli\",\"description\":\"Alltid n\u00e5got att se och g\u00f6ra!\",\"potentialAction\":[{\"@type\":\"SearchAction\",\"target\":{\"@type\":\"EntryPoint\",\"urlTemplate\":\"https:\/\/www.jamtli.com\/en\/?s={search_term_string}\"},\"query-input\":{\"@type\":\"PropertyValueSpecification\",\"valueRequired\":true,\"valueName\":\"search_term_string\"}}],\"inLanguage\":\"en-US\"},{\"@type\":\"Person\",\"@id\":\"https:\/\/www.jamtli.com\/en\/#\/schema\/person\/86d39dd5744241ded29b51c29d06df30\",\"name\":\"Jenny Olsson\",\"image\":{\"@type\":\"ImageObject\",\"inLanguage\":\"en-US\",\"@id\":\"https:\/\/www.jamtli.com\/en\/#\/schema\/person\/image\/\",\"url\":\"https:\/\/secure.gravatar.com\/avatar\/0686c9a07925002aad4c70e7eff688af18101ac7d2256d12fd8621a718a0b9af?s=96&d=mm&r=g\",\"contentUrl\":\"https:\/\/secure.gravatar.com\/avatar\/0686c9a07925002aad4c70e7eff688af18101ac7d2256d12fd8621a718a0b9af?s=96&d=mm&r=g\",\"caption\":\"Jenny Olsson\"}}]}<\/script>\n<!-- \/ Yoast SEO plugin. -->","yoast_head_json":{"title":"Vinnare Gran Prix och b\u00e4sta monter, 2021 | Jamtli","robots":{"index":"index","follow":"follow","max-snippet":"max-snippet:-1","max-image-preview":"max-image-preview:large","max-video-preview":"max-video-preview:-1"},"canonical":"https:\/\/www.jamtli.com\/en\/aktuellt\/vinnare-gran-prix-och-basta-monter-2021\/","og_locale":"en_US","og_type":"article","og_title":"Vinnare Gran Prix och b\u00e4sta monter, 2021 | Jamtli","og_description":"Under \u00e5rets Julmarknad p\u00e5 Jamtli var det Jengel F\u00f6rlag AB som representerade Gran Prix-granarna som var designade av olika f\u00f6rfattare och fotografer med anknytning till l\u00e4net. &nbsp; En annan t\u00e4vling var b\u00e4sta monter. De vinnande bidragen togs fram av en jury fr\u00e5n Hush\u00e5llningss\u00e4llskapet. &nbsp; H\u00e4r kan du l\u00e4sa om vem som vann Gran Prix samt [&hellip;]","og_url":"https:\/\/www.jamtli.com\/en\/aktuellt\/vinnare-gran-prix-och-basta-monter-2021\/","og_site_name":"Jamtli","article_publisher":"https:\/\/www.facebook.com\/jamtlimuseum","article_published_time":"2021-12-13T09:43:44+00:00","article_modified_time":"2022-08-25T23:18:29+00:00","og_image":[{"width":1920,"height":800,"url":"https:\/\/www.jamtli.com\/wp-content\/uploads\/2021\/12\/Gran-Prix-vinnare-montervinnare-2021_1920x800px.jpg","type":"image\/jpeg"}],"author":"Jenny Olsson","twitter_card":"summary_large_image","twitter_misc":{"Written by":"Jenny Olsson"},"schema":{"@context":"https:\/\/schema.org","@graph":[{"@type":"Article","@id":"https:\/\/www.jamtli.com\/en\/aktuellt\/vinnare-gran-prix-och-basta-monter-2021\/#article","isPartOf":{"@id":"https:\/\/www.jamtli.com\/en\/aktuellt\/vinnare-gran-prix-och-basta-monter-2021\/"},"author":{"name":"Jenny Olsson","@id":"https:\/\/www.jamtli.com\/en\/#\/schema\/person\/86d39dd5744241ded29b51c29d06df30"},"headline":"Vinnare Gran Prix och b\u00e4sta monter, 2021","datePublished":"2021-12-13T09:43:44+00:00","dateModified":"2022-08-25T23:18:29+00:00","mainEntityOfPage":{"@id":"https:\/\/www.jamtli.com\/en\/aktuellt\/vinnare-gran-prix-och-basta-monter-2021\/"},"wordCount":85,"commentCount":2,"image":{"@id":"https:\/\/www.jamtli.com\/en\/aktuellt\/vinnare-gran-prix-och-basta-monter-2021\/#primaryimage"},"thumbnailUrl":"https:\/\/www.jamtli.com\/wp-content\/uploads\/2021\/12\/Gran-Prix-vinnare-montervinnare-2021_1920x800px.jpg","inLanguage":"en-US","potentialAction":[{"@type":"CommentAction","name":"Comment","target":["https:\/\/www.jamtli.com\/en\/aktuellt\/vinnare-gran-prix-och-basta-monter-2021\/#respond"]}]},{"@type":"WebPage","@id":"https:\/\/www.jamtli.com\/en\/aktuellt\/vinnare-gran-prix-och-basta-monter-2021\/","url":"https:\/\/www.jamtli.com\/en\/aktuellt\/vinnare-gran-prix-och-basta-monter-2021\/","name":"Vinnare Gran Prix och b\u00e4sta monter, 2021 | Jamtli","isPartOf":{"@id":"https:\/\/www.jamtli.com\/en\/#website"},"primaryImageOfPage":{"@id":"https:\/\/www.jamtli.com\/en\/aktuellt\/vinnare-gran-prix-och-basta-monter-2021\/#primaryimage"},"image":{"@id":"https:\/\/www.jamtli.com\/en\/aktuellt\/vinnare-gran-prix-och-basta-monter-2021\/#primaryimage"},"thumbnailUrl":"https:\/\/www.jamtli.com\/wp-content\/uploads\/2021\/12\/Gran-Prix-vinnare-montervinnare-2021_1920x800px.jpg","datePublished":"2021-12-13T09:43:44+00:00","dateModified":"2022-08-25T23:18:29+00:00","author":{"@id":"https:\/\/www.jamtli.com\/en\/#\/schema\/person\/86d39dd5744241ded29b51c29d06df30"},"breadcrumb":{"@id":"https:\/\/www.jamtli.com\/en\/aktuellt\/vinnare-gran-prix-och-basta-monter-2021\/#breadcrumb"},"inLanguage":"en-US","potentialAction":[{"@type":"ReadAction","target":["https:\/\/www.jamtli.com\/en\/aktuellt\/vinnare-gran-prix-och-basta-monter-2021\/"]}]},{"@type":"ImageObject","inLanguage":"en-US","@id":"https:\/\/www.jamtli.com\/en\/aktuellt\/vinnare-gran-prix-och-basta-monter-2021\/#primaryimage","url":"https:\/\/www.jamtli.com\/wp-content\/uploads\/2021\/12\/Gran-Prix-vinnare-montervinnare-2021_1920x800px.jpg","contentUrl":"https:\/\/www.jamtli.com\/wp-content\/uploads\/2021\/12\/Gran-Prix-vinnare-montervinnare-2021_1920x800px.jpg","width":1920,"height":800,"caption":"\"\""},{"@type":"BreadcrumbList","@id":"https:\/\/www.jamtli.com\/en\/aktuellt\/vinnare-gran-prix-och-basta-monter-2021\/#breadcrumb","itemListElement":[{"@type":"ListItem","position":1,"name":"Home","item":"https:\/\/www.jamtli.com\/en\/"},{"@type":"ListItem","position":2,"name":"Vinnare Gran Prix och b\u00e4sta monter, 2021"}]},{"@type":"WebSite","@id":"https:\/\/www.jamtli.com\/en\/#website","url":"https:\/\/www.jamtli.com\/en\/","name":"Jamtli","description":"Alltid n\u00e5got att se och g\u00f6ra!","potentialAction":[{"@type":"SearchAction","target":{"@type":"EntryPoint","urlTemplate":"https:\/\/www.jamtli.com\/en\/?s={search_term_string}"},"query-input":{"@type":"PropertyValueSpecification","valueRequired":true,"valueName":"search_term_string"}}],"inLanguage":"en-US"},{"@type":"Person","@id":"https:\/\/www.jamtli.com\/en\/#\/schema\/person\/86d39dd5744241ded29b51c29d06df30","name":"Jenny Olsson","image":{"@type":"ImageObject","inLanguage":"en-US","@id":"https:\/\/www.jamtli.com\/en\/#\/schema\/person\/image\/","url":"https:\/\/secure.gravatar.com\/avatar\/0686c9a07925002aad4c70e7eff688af18101ac7d2256d12fd8621a718a0b9af?s=96&d=mm&r=g","contentUrl":"https:\/\/secure.gravatar.com\/avatar\/0686c9a07925002aad4c70e7eff688af18101ac7d2256d12fd8621a718a0b9af?s=96&d=mm&r=g","caption":"Jenny Olsson"}}]}},"_links":{"self":[{"href":"https:\/\/www.jamtli.com\/en\/wp-json\/wp\/v2\/posts\/7040","targetHints":{"allow":["GET"]}}],"collection":[{"href":"https:\/\/www.jamtli.com\/en\/wp-json\/wp\/v2\/posts"}],"about":[{"href":"https:\/\/www.jamtli.com\/en\/wp-json\/wp\/v2\/types\/post"}],"author":[{"embeddable":true,"href":"https:\/\/www.jamtli.com\/en\/wp-json\/wp\/v2\/users\/10"}],"replies":[{"embeddable":true,"href":"https:\/\/www.jamtli.com\/en\/wp-json\/wp\/v2\/comments?post=7040"}],"version-history":[{"count":0,"href":"https:\/\/www.jamtli.com\/en\/wp-json\/wp\/v2\/posts\/7040\/revisions"}],"wp:featuredmedia":[{"embeddable":true,"href":"https:\/\/www.jamtli.com\/en\/wp-json\/wp\/v2\/media\/6572"}],"wp:attachment":[{"href":"https:\/\/www.jamtli.com\/en\/wp-json\/wp\/v2\/media?parent=7040"}],"wp:term":[{"taxonomy":"category","embeddable":true,"href":"https:\/\/www.jamtli.com\/en\/wp-json\/wp\/v2\/categories?post=7040"},{"taxonomy":"post_tag","embeddable":true,"href":"https:\/\/www.jamtli.com\/en\/wp-json\/wp\/v2\/tags?post=7040"}],"curies":[{"name":"wp","href":"https:\/\/api.w.org\/{rel}","templated":true}]}}