{"id":7038,"date":"2022-01-26T09:10:53","date_gmt":"2022-01-26T08:10:53","guid":{"rendered":"https:\/\/www.jamtli.com\/aktuellt\/nya-restriktioner-vad-galler-pa-jamtli\/"},"modified":"2022-08-26T01:18:28","modified_gmt":"2022-08-25T23:18:28","slug":"nya-restriktioner-vad-galler-pa-jamtli","status":"publish","type":"post","link":"https:\/\/www.jamtli.com\/en\/aktuellt\/nya-restriktioner-vad-galler-pa-jamtli\/","title":{"rendered":"Nya restriktioner, vad g\u00e4ller p\u00e5 Jamtli?"},"content":{"rendered":"<h5>Jamtli f\u00f6ljer h\u00e4ndelseutvecklingen kring Corona-viruset och de direktiv som myndigheterna beslutar kring detta. F\u00f6ljande g\u00e4ller n\u00e4r du bes\u00f6ker Jamtli just nu:<\/h5>\n<p>&nbsp;<\/p>\n<p><strong>Jamtli kommer inte kr\u00e4va<\/strong> vaccinationsbevis just nu, men begr\u00e4nsningar sker i antal bes\u00f6kare.<\/p>\n<p>&nbsp;<\/p>\n<p><strong>Museet kommer att h\u00e5lla ett maxantal<\/strong> om 400 bes\u00f6kare samtidigt. Det kan leda till att vi inte sl\u00e4pper in vid h\u00e4ndelse av att maxantal uppn\u00e5tts. Ingen f\u00f6rbokning av plats.<\/p>\n<p>&nbsp;<\/p>\n<p><strong>Jamtli Butik<\/strong> h\u00e5ller ett maxantal om 10 kunder i butiken samtidigt.<\/p>\n<p>&nbsp;<\/p>\n<p><strong>Jamtli Kaf\u00e9<\/strong> har f\u00e4rre platser f\u00f6r att minska tr\u00e4ngsel.<\/p>\n<p>&nbsp;<\/p>\n<p><strong>Visningar och vissa aktiviteter<\/strong> har begr\u00e4nsat antal platser. Anm\u00e4lan till dessa sker i samband med entr\u00e9 och g\u00e5r inte att f\u00f6rboka.<\/p>\n<p>&nbsp;<\/p>\n<p><strong>Ute p\u00e5 friluftsmuseet<\/strong> kan du promenera fritt bland de kulturhistoriska husen och vinka till djuren som \u00e4r i sina hagar.<\/p>\n<p>&nbsp;<\/p>\n<p><strong>Stanna hemma om du har symptom<\/strong>. H\u00e5ll avst\u00e5nd, visa h\u00e4nsyn och tv\u00e4tta h\u00e4nderna.<\/p>\n<p>&nbsp;<\/p>\n<p><a href=\"https:\/\/www.krisinformation.se\/nyheter\/20212\/december\/nya-atgarder-fran-och-med-den-23-december\" target=\"_blank\" rel=\"noopener\">Du kan l\u00e4sa mer om de nya restriktionerna och rekommendationerna p\u00e5 krisinformation.se. F\u00f6r att komma direkt dit, klicka h\u00e4r!<\/a><\/p>\n","protected":false},"excerpt":{"rendered":"<p>Jamtli f\u00f6ljer h\u00e4ndelseutvecklingen kring Corona-viruset och de direktiv som myndigheterna beslutar kring detta. F\u00f6ljande g\u00e4ller n\u00e4r du bes\u00f6ker Jamtli just nu: &nbsp; Jamtli kommer inte kr\u00e4va vaccinationsbevis just nu, men begr\u00e4nsningar sker i antal bes\u00f6kare. &nbsp; Museet kommer att h\u00e5lla ett maxantal om 400 bes\u00f6kare samtidigt. Det kan leda till att vi inte sl\u00e4pper in [&hellip;]<\/p>\n","protected":false},"author":10,"featured_media":6792,"comment_status":"open","ping_status":"open","sticky":false,"template":"","format":"standard","meta":{"_acf_changed":false,"_relevanssi_hide_post":"","_relevanssi_hide_content":"","_relevanssi_pin_for_all":"","_relevanssi_pin_keywords":"","_relevanssi_unpin_keywords":"","_relevanssi_related_keywords":"","_relevanssi_related_include_ids":"","_relevanssi_related_exclude_ids":"","_relevanssi_related_no_append":"","_relevanssi_related_not_related":"","_relevanssi_related_posts":"","_relevanssi_noindex_reason":"","footnotes":""},"categories":[7],"tags":[],"class_list":["post-7038","post","type-post","status-publish","format-standard","has-post-thumbnail","hentry","category-uncategorized"],"acf":[],"yoast_head":"<!-- This site is optimized with the Yoast SEO plugin v27.1.1 - https:\/\/yoast.com\/product\/yoast-seo-wordpress\/ -->\n<title>Nya restriktioner, vad g\u00e4ller p\u00e5 Jamtli? | Jamtli<\/title>\n<meta name=\"robots\" content=\"index, follow, max-snippet:-1, max-image-preview:large, max-video-preview:-1\" \/>\n<link rel=\"canonical\" href=\"https:\/\/www.jamtli.com\/en\/aktuellt\/nya-restriktioner-vad-galler-pa-jamtli\/\" \/>\n<meta property=\"og:locale\" content=\"en_US\" \/>\n<meta property=\"og:type\" content=\"article\" \/>\n<meta property=\"og:title\" content=\"Nya restriktioner, vad g\u00e4ller p\u00e5 Jamtli? | Jamtli\" \/>\n<meta property=\"og:description\" content=\"Jamtli f\u00f6ljer h\u00e4ndelseutvecklingen kring Corona-viruset och de direktiv som myndigheterna beslutar kring detta. F\u00f6ljande g\u00e4ller n\u00e4r du bes\u00f6ker Jamtli just nu: &nbsp; Jamtli kommer inte kr\u00e4va vaccinationsbevis just nu, men begr\u00e4nsningar sker i antal bes\u00f6kare. &nbsp; Museet kommer att h\u00e5lla ett maxantal om 400 bes\u00f6kare samtidigt. Det kan leda till att vi inte sl\u00e4pper in [&hellip;]\" \/>\n<meta property=\"og:url\" content=\"https:\/\/www.jamtli.com\/en\/aktuellt\/nya-restriktioner-vad-galler-pa-jamtli\/\" \/>\n<meta property=\"og:site_name\" content=\"Jamtli\" \/>\n<meta property=\"article:publisher\" content=\"https:\/\/www.facebook.com\/jamtlimuseum\" \/>\n<meta property=\"article:published_time\" content=\"2022-01-26T08:10:53+00:00\" \/>\n<meta property=\"article:modified_time\" content=\"2022-08-25T23:18:28+00:00\" \/>\n<meta property=\"og:image\" content=\"https:\/\/www.jamtli.com\/wp-content\/uploads\/2022\/03\/unsplash_jwPPCrskrtQ.png\" \/>\n\t<meta property=\"og:image:width\" content=\"641\" \/>\n\t<meta property=\"og:image:height\" content=\"633\" \/>\n\t<meta property=\"og:image:type\" content=\"image\/png\" \/>\n<meta name=\"author\" content=\"Jenny Olsson\" \/>\n<meta name=\"twitter:card\" content=\"summary_large_image\" \/>\n<meta name=\"twitter:label1\" content=\"Written by\" \/>\n\t<meta name=\"twitter:data1\" content=\"Jenny Olsson\" \/>\n\t<meta name=\"twitter:label2\" content=\"Est. reading time\" \/>\n\t<meta name=\"twitter:data2\" content=\"1 minute\" \/>\n<script type=\"application\/ld+json\" class=\"yoast-schema-graph\">{\"@context\":\"https:\/\/schema.org\",\"@graph\":[{\"@type\":\"Article\",\"@id\":\"https:\/\/www.jamtli.com\/en\/aktuellt\/nya-restriktioner-vad-galler-pa-jamtli\/#article\",\"isPartOf\":{\"@id\":\"https:\/\/www.jamtli.com\/en\/aktuellt\/nya-restriktioner-vad-galler-pa-jamtli\/\"},\"author\":{\"name\":\"Jenny Olsson\",\"@id\":\"https:\/\/www.jamtli.com\/en\/#\/schema\/person\/86d39dd5744241ded29b51c29d06df30\"},\"headline\":\"Nya restriktioner, vad g\u00e4ller p\u00e5 Jamtli?\",\"datePublished\":\"2022-01-26T08:10:53+00:00\",\"dateModified\":\"2022-08-25T23:18:28+00:00\",\"mainEntityOfPage\":{\"@id\":\"https:\/\/www.jamtli.com\/en\/aktuellt\/nya-restriktioner-vad-galler-pa-jamtli\/\"},\"wordCount\":201,\"commentCount\":0,\"image\":{\"@id\":\"https:\/\/www.jamtli.com\/en\/aktuellt\/nya-restriktioner-vad-galler-pa-jamtli\/#primaryimage\"},\"thumbnailUrl\":\"https:\/\/www.jamtli.com\/wp-content\/uploads\/2022\/03\/unsplash_jwPPCrskrtQ.png\",\"inLanguage\":\"en-US\",\"potentialAction\":[{\"@type\":\"CommentAction\",\"name\":\"Comment\",\"target\":[\"https:\/\/www.jamtli.com\/en\/aktuellt\/nya-restriktioner-vad-galler-pa-jamtli\/#respond\"]}]},{\"@type\":\"WebPage\",\"@id\":\"https:\/\/www.jamtli.com\/en\/aktuellt\/nya-restriktioner-vad-galler-pa-jamtli\/\",\"url\":\"https:\/\/www.jamtli.com\/en\/aktuellt\/nya-restriktioner-vad-galler-pa-jamtli\/\",\"name\":\"Nya restriktioner, vad g\u00e4ller p\u00e5 Jamtli? | Jamtli\",\"isPartOf\":{\"@id\":\"https:\/\/www.jamtli.com\/en\/#website\"},\"primaryImageOfPage\":{\"@id\":\"https:\/\/www.jamtli.com\/en\/aktuellt\/nya-restriktioner-vad-galler-pa-jamtli\/#primaryimage\"},\"image\":{\"@id\":\"https:\/\/www.jamtli.com\/en\/aktuellt\/nya-restriktioner-vad-galler-pa-jamtli\/#primaryimage\"},\"thumbnailUrl\":\"https:\/\/www.jamtli.com\/wp-content\/uploads\/2022\/03\/unsplash_jwPPCrskrtQ.png\",\"datePublished\":\"2022-01-26T08:10:53+00:00\",\"dateModified\":\"2022-08-25T23:18:28+00:00\",\"author\":{\"@id\":\"https:\/\/www.jamtli.com\/en\/#\/schema\/person\/86d39dd5744241ded29b51c29d06df30\"},\"breadcrumb\":{\"@id\":\"https:\/\/www.jamtli.com\/en\/aktuellt\/nya-restriktioner-vad-galler-pa-jamtli\/#breadcrumb\"},\"inLanguage\":\"en-US\",\"potentialAction\":[{\"@type\":\"ReadAction\",\"target\":[\"https:\/\/www.jamtli.com\/en\/aktuellt\/nya-restriktioner-vad-galler-pa-jamtli\/\"]}]},{\"@type\":\"ImageObject\",\"inLanguage\":\"en-US\",\"@id\":\"https:\/\/www.jamtli.com\/en\/aktuellt\/nya-restriktioner-vad-galler-pa-jamtli\/#primaryimage\",\"url\":\"https:\/\/www.jamtli.com\/wp-content\/uploads\/2022\/03\/unsplash_jwPPCrskrtQ.png\",\"contentUrl\":\"https:\/\/www.jamtli.com\/wp-content\/uploads\/2022\/03\/unsplash_jwPPCrskrtQ.png\",\"width\":641,\"height\":633},{\"@type\":\"BreadcrumbList\",\"@id\":\"https:\/\/www.jamtli.com\/en\/aktuellt\/nya-restriktioner-vad-galler-pa-jamtli\/#breadcrumb\",\"itemListElement\":[{\"@type\":\"ListItem\",\"position\":1,\"name\":\"Home\",\"item\":\"https:\/\/www.jamtli.com\/en\/\"},{\"@type\":\"ListItem\",\"position\":2,\"name\":\"Nya restriktioner, vad g\u00e4ller p\u00e5 Jamtli?\"}]},{\"@type\":\"WebSite\",\"@id\":\"https:\/\/www.jamtli.com\/en\/#website\",\"url\":\"https:\/\/www.jamtli.com\/en\/\",\"name\":\"Jamtli\",\"description\":\"Alltid n\u00e5got att se och g\u00f6ra!\",\"potentialAction\":[{\"@type\":\"SearchAction\",\"target\":{\"@type\":\"EntryPoint\",\"urlTemplate\":\"https:\/\/www.jamtli.com\/en\/?s={search_term_string}\"},\"query-input\":{\"@type\":\"PropertyValueSpecification\",\"valueRequired\":true,\"valueName\":\"search_term_string\"}}],\"inLanguage\":\"en-US\"},{\"@type\":\"Person\",\"@id\":\"https:\/\/www.jamtli.com\/en\/#\/schema\/person\/86d39dd5744241ded29b51c29d06df30\",\"name\":\"Jenny Olsson\",\"image\":{\"@type\":\"ImageObject\",\"inLanguage\":\"en-US\",\"@id\":\"https:\/\/www.jamtli.com\/en\/#\/schema\/person\/image\/\",\"url\":\"https:\/\/secure.gravatar.com\/avatar\/0686c9a07925002aad4c70e7eff688af18101ac7d2256d12fd8621a718a0b9af?s=96&d=mm&r=g\",\"contentUrl\":\"https:\/\/secure.gravatar.com\/avatar\/0686c9a07925002aad4c70e7eff688af18101ac7d2256d12fd8621a718a0b9af?s=96&d=mm&r=g\",\"caption\":\"Jenny Olsson\"}}]}<\/script>\n<!-- \/ Yoast SEO plugin. -->","yoast_head_json":{"title":"Nya restriktioner, vad g\u00e4ller p\u00e5 Jamtli? | Jamtli","robots":{"index":"index","follow":"follow","max-snippet":"max-snippet:-1","max-image-preview":"max-image-preview:large","max-video-preview":"max-video-preview:-1"},"canonical":"https:\/\/www.jamtli.com\/en\/aktuellt\/nya-restriktioner-vad-galler-pa-jamtli\/","og_locale":"en_US","og_type":"article","og_title":"Nya restriktioner, vad g\u00e4ller p\u00e5 Jamtli? | Jamtli","og_description":"Jamtli f\u00f6ljer h\u00e4ndelseutvecklingen kring Corona-viruset och de direktiv som myndigheterna beslutar kring detta. F\u00f6ljande g\u00e4ller n\u00e4r du bes\u00f6ker Jamtli just nu: &nbsp; Jamtli kommer inte kr\u00e4va vaccinationsbevis just nu, men begr\u00e4nsningar sker i antal bes\u00f6kare. &nbsp; Museet kommer att h\u00e5lla ett maxantal om 400 bes\u00f6kare samtidigt. Det kan leda till att vi inte sl\u00e4pper in [&hellip;]","og_url":"https:\/\/www.jamtli.com\/en\/aktuellt\/nya-restriktioner-vad-galler-pa-jamtli\/","og_site_name":"Jamtli","article_publisher":"https:\/\/www.facebook.com\/jamtlimuseum","article_published_time":"2022-01-26T08:10:53+00:00","article_modified_time":"2022-08-25T23:18:28+00:00","og_image":[{"width":641,"height":633,"url":"https:\/\/www.jamtli.com\/wp-content\/uploads\/2022\/03\/unsplash_jwPPCrskrtQ.png","type":"image\/png"}],"author":"Jenny Olsson","twitter_card":"summary_large_image","twitter_misc":{"Written by":"Jenny Olsson","Est. reading time":"1 minute"},"schema":{"@context":"https:\/\/schema.org","@graph":[{"@type":"Article","@id":"https:\/\/www.jamtli.com\/en\/aktuellt\/nya-restriktioner-vad-galler-pa-jamtli\/#article","isPartOf":{"@id":"https:\/\/www.jamtli.com\/en\/aktuellt\/nya-restriktioner-vad-galler-pa-jamtli\/"},"author":{"name":"Jenny Olsson","@id":"https:\/\/www.jamtli.com\/en\/#\/schema\/person\/86d39dd5744241ded29b51c29d06df30"},"headline":"Nya restriktioner, vad g\u00e4ller p\u00e5 Jamtli?","datePublished":"2022-01-26T08:10:53+00:00","dateModified":"2022-08-25T23:18:28+00:00","mainEntityOfPage":{"@id":"https:\/\/www.jamtli.com\/en\/aktuellt\/nya-restriktioner-vad-galler-pa-jamtli\/"},"wordCount":201,"commentCount":0,"image":{"@id":"https:\/\/www.jamtli.com\/en\/aktuellt\/nya-restriktioner-vad-galler-pa-jamtli\/#primaryimage"},"thumbnailUrl":"https:\/\/www.jamtli.com\/wp-content\/uploads\/2022\/03\/unsplash_jwPPCrskrtQ.png","inLanguage":"en-US","potentialAction":[{"@type":"CommentAction","name":"Comment","target":["https:\/\/www.jamtli.com\/en\/aktuellt\/nya-restriktioner-vad-galler-pa-jamtli\/#respond"]}]},{"@type":"WebPage","@id":"https:\/\/www.jamtli.com\/en\/aktuellt\/nya-restriktioner-vad-galler-pa-jamtli\/","url":"https:\/\/www.jamtli.com\/en\/aktuellt\/nya-restriktioner-vad-galler-pa-jamtli\/","name":"Nya restriktioner, vad g\u00e4ller p\u00e5 Jamtli? | Jamtli","isPartOf":{"@id":"https:\/\/www.jamtli.com\/en\/#website"},"primaryImageOfPage":{"@id":"https:\/\/www.jamtli.com\/en\/aktuellt\/nya-restriktioner-vad-galler-pa-jamtli\/#primaryimage"},"image":{"@id":"https:\/\/www.jamtli.com\/en\/aktuellt\/nya-restriktioner-vad-galler-pa-jamtli\/#primaryimage"},"thumbnailUrl":"https:\/\/www.jamtli.com\/wp-content\/uploads\/2022\/03\/unsplash_jwPPCrskrtQ.png","datePublished":"2022-01-26T08:10:53+00:00","dateModified":"2022-08-25T23:18:28+00:00","author":{"@id":"https:\/\/www.jamtli.com\/en\/#\/schema\/person\/86d39dd5744241ded29b51c29d06df30"},"breadcrumb":{"@id":"https:\/\/www.jamtli.com\/en\/aktuellt\/nya-restriktioner-vad-galler-pa-jamtli\/#breadcrumb"},"inLanguage":"en-US","potentialAction":[{"@type":"ReadAction","target":["https:\/\/www.jamtli.com\/en\/aktuellt\/nya-restriktioner-vad-galler-pa-jamtli\/"]}]},{"@type":"ImageObject","inLanguage":"en-US","@id":"https:\/\/www.jamtli.com\/en\/aktuellt\/nya-restriktioner-vad-galler-pa-jamtli\/#primaryimage","url":"https:\/\/www.jamtli.com\/wp-content\/uploads\/2022\/03\/unsplash_jwPPCrskrtQ.png","contentUrl":"https:\/\/www.jamtli.com\/wp-content\/uploads\/2022\/03\/unsplash_jwPPCrskrtQ.png","width":641,"height":633},{"@type":"BreadcrumbList","@id":"https:\/\/www.jamtli.com\/en\/aktuellt\/nya-restriktioner-vad-galler-pa-jamtli\/#breadcrumb","itemListElement":[{"@type":"ListItem","position":1,"name":"Home","item":"https:\/\/www.jamtli.com\/en\/"},{"@type":"ListItem","position":2,"name":"Nya restriktioner, vad g\u00e4ller p\u00e5 Jamtli?"}]},{"@type":"WebSite","@id":"https:\/\/www.jamtli.com\/en\/#website","url":"https:\/\/www.jamtli.com\/en\/","name":"Jamtli","description":"Alltid n\u00e5got att se och g\u00f6ra!","potentialAction":[{"@type":"SearchAction","target":{"@type":"EntryPoint","urlTemplate":"https:\/\/www.jamtli.com\/en\/?s={search_term_string}"},"query-input":{"@type":"PropertyValueSpecification","valueRequired":true,"valueName":"search_term_string"}}],"inLanguage":"en-US"},{"@type":"Person","@id":"https:\/\/www.jamtli.com\/en\/#\/schema\/person\/86d39dd5744241ded29b51c29d06df30","name":"Jenny Olsson","image":{"@type":"ImageObject","inLanguage":"en-US","@id":"https:\/\/www.jamtli.com\/en\/#\/schema\/person\/image\/","url":"https:\/\/secure.gravatar.com\/avatar\/0686c9a07925002aad4c70e7eff688af18101ac7d2256d12fd8621a718a0b9af?s=96&d=mm&r=g","contentUrl":"https:\/\/secure.gravatar.com\/avatar\/0686c9a07925002aad4c70e7eff688af18101ac7d2256d12fd8621a718a0b9af?s=96&d=mm&r=g","caption":"Jenny Olsson"}}]}},"_links":{"self":[{"href":"https:\/\/www.jamtli.com\/en\/wp-json\/wp\/v2\/posts\/7038","targetHints":{"allow":["GET"]}}],"collection":[{"href":"https:\/\/www.jamtli.com\/en\/wp-json\/wp\/v2\/posts"}],"about":[{"href":"https:\/\/www.jamtli.com\/en\/wp-json\/wp\/v2\/types\/post"}],"author":[{"embeddable":true,"href":"https:\/\/www.jamtli.com\/en\/wp-json\/wp\/v2\/users\/10"}],"replies":[{"embeddable":true,"href":"https:\/\/www.jamtli.com\/en\/wp-json\/wp\/v2\/comments?post=7038"}],"version-history":[{"count":0,"href":"https:\/\/www.jamtli.com\/en\/wp-json\/wp\/v2\/posts\/7038\/revisions"}],"wp:featuredmedia":[{"embeddable":true,"href":"https:\/\/www.jamtli.com\/en\/wp-json\/wp\/v2\/media\/6792"}],"wp:attachment":[{"href":"https:\/\/www.jamtli.com\/en\/wp-json\/wp\/v2\/media?parent=7038"}],"wp:term":[{"taxonomy":"category","embeddable":true,"href":"https:\/\/www.jamtli.com\/en\/wp-json\/wp\/v2\/categories?post=7038"},{"taxonomy":"post_tag","embeddable":true,"href":"https:\/\/www.jamtli.com\/en\/wp-json\/wp\/v2\/tags?post=7038"}],"curies":[{"name":"wp","href":"https:\/\/api.w.org\/{rel}","templated":true}]}}